{"id":1024,"date":"2017-12-15T17:02:36","date_gmt":"2017-12-15T17:02:36","guid":{"rendered":"https:\/\/mesonainsa.com\/habitacion-familiar-con-terraza\/"},"modified":"2018-02-05T10:32:43","modified_gmt":"2018-02-05T10:32:43","slug":"chambre-familiale","status":"publish","type":"post","link":"https:\/\/mesonainsa.com\/fr\/chambre-familiale\/","title":{"rendered":"Chambre familiale avec terrasse"},"content":{"rendered":"<p>[et_pb_section fb_built=\u00a0\u00bb1&Prime; admin_label=\u00a0\u00bbsection\u00a0\u00bb _builder_version=\u00a0\u00bb3.0.47&Prime;][et_pb_row admin_label=\u00a0\u00bbrow\u00a0\u00bb _builder_version=\u00a0\u00bb3.0.47&Prime; background_size=\u00a0\u00bbinitial\u00a0\u00bb background_position=\u00a0\u00bbtop_left\u00a0\u00bb background_repeat=\u00a0\u00bbrepeat\u00a0\u00bb][et_pb_column type=\u00a0\u00bb4_4&Prime; _builder_version=\u00a0\u00bb3.0.47&Prime; parallax=\u00a0\u00bboff\u00a0\u00bb parallax_method=\u00a0\u00bbon\u00a0\u00bb][et_pb_text admin_label=\u00a0\u00bbText\u00a0\u00bb _builder_version=\u00a0\u00bb3.0.98&Prime; background_size=\u00a0\u00bbinitial\u00a0\u00bb background_position=\u00a0\u00bbtop_left\u00a0\u00bb background_repeat=\u00a0\u00bbrepeat\u00a0\u00bb]<\/p>\n<p><img loading=\"lazy\" decoding=\"async\" src=\"..\/..\/wp-content\/uploads\/2018\/01\/20180129_121044-1024x576.jpg\" width=\"1024\" height=\"576\" alt=\"\" class=\"wp-image-1545 alignnone size-large\" scale=\"0\" \/><\/p>\n<h4 style=\"text-align: justify;\"><span style=\"text-align: justify;\"><\/span><\/h4>\n<h4 style=\"text-align: justify;\"><span style=\"text-align: justify;\">Ce type de chambre se compose de 2 chambres doubles communicantes, chacune dot\u00e9e d&rsquo;une terrasse priv\u00e9e. La chambre comprend une t\u00e9l\u00e9vision HD \u00e0 \u00e9cran plat, un r\u00e9frig\u00e9rateur, un coffre-fort ainsi qu&rsquo;une salle de bains privative pourvue d&rsquo;un s\u00e8che-cheveux et d&rsquo;articles de toilette.<br \/> <\/span><\/h4>\n<p>[\/et_pb_text][et_pb_gallery gallery_ids=\u00a0\u00bb1552,1550,1553,1538,529,1578,567,566&Prime; gallery_captions=\u00a0\u00bb,,,,,,,\u00a0\u00bb posts_number=\u00a0\u00bb8&Prime; show_title_and_caption=\u00a0\u00bboff\u00a0\u00bb show_pagination=\u00a0\u00bboff\u00a0\u00bb _builder_version=\u00a0\u00bb3.0.98&Prime; custom_css_gallery_item=\u00a0\u00bbmargin: 0 !important;||width: 50% !important;||clear: none !important;||padding: 3px\u00a0\u00bb][\/et_pb_gallery][\/et_pb_column][\/et_pb_row][\/et_pb_section]<\/p>\n","protected":false},"excerpt":{"rendered":"<p>Ce type de chambre se compose de 2 chambres doubles communicantes, chacune dot\u00e9e d&rsquo;une terrasse priv\u00e9e. La chambre comprend une t\u00e9l\u00e9vision HD \u00e0 \u00e9cran plat, un r\u00e9frig\u00e9rateur, un coffre-fort ainsi qu&rsquo;une salle de bains privative pourvue d&rsquo;un s\u00e8che-cheveux et d&rsquo;articles de toilette.<\/p>\n","protected":false},"author":1,"featured_media":0,"comment_status":"open","ping_status":"open","sticky":false,"template":"","format":"standard","meta":{"_et_pb_use_builder":"on","_et_pb_old_content":"<div class=\"field field-name-field-img-pri-hs field-type-image field-label-hidden\">\r\n<div class=\"field-items\">\r\n<div class=\"field-item even\"><a class=\"lightbox-processed\" title=\"\" href=\"https:\/\/mesonainsa.com\/sites\/default\/files\/styles\/large\/public\/img_3255.jpg?itok=ppnmjQBl\" rel=\"lightbox[field_img_pri_hs][<p><a href=\"https:\/\/mesonainsa.com\/sites\/default\/files\/img_3255.jpg\">Download Original<\/a><\/p>]\"><img src=\"https:\/\/mesonainsa.com\/sites\/default\/files\/styles\/img_pri_hab_serv_cabecera\/public\/img_3255.jpg?itok=jMFBrNwp\" alt=\"\" width=\"712\" height=\"230\" \/><\/a><\/div>\r\n<\/div>\r\n<\/div>\r\n<div class=\"field field-name-body field-type-text-with-summary field-label-hidden\">\r\n<div class=\"field-items\">\r\n<div class=\"field-item even\">\r\n\r\n\u00a0\r\n<div>\r\n\r\nNuestras habitaciones familiares se componen de dos habitaciones dobles comunicadas, cada una de ellas provista de ba\u00f1o completo (incluyendo secador de pelo, champ\u00fa, gel...) TV pantalla plana 22\" o 32\" HD, terraza individual exterior, wifi gratuito, nevera, caja fuerte, aire acondicionado, calefacci\u00f3n, escritorio...\r\n\r\nAl reservar una de nuestras habitaciones familiares usted dispondr\u00e1 de dos camas en cada una de las dos habitaciones y le damos la posibilidad de elegir si prefiere que las terrazas tengan vistan al rio Ara y al casco antiguo de Ainsa o vistas a la monta\u00f1a.\r\n\r\nGeneralmente nuestras habitaciones familiares son para 4 personas, pero pueden alojarse 5 a\u00f1adiendo una cama m\u00e1s a una de las habitaciones dobles, convirtiendola de esta forma en triple y debiendo abonar solamente la diferencia.\r\n\r\n<\/div>\r\n\u00a0\r\n\r\n<\/div>\r\n<\/div>\r\n<\/div>\r\n<a class=\"lightbox-processed\" title=\"\" href=\"https:\/\/mesonainsa.com\/sites\/default\/files\/styles\/large\/public\/img_3257_1.jpg?itok=6YfZsxLS\" rel=\"lightshow[field_imgs_hs][<p><a href=\"https:\/\/mesonainsa.com\/sites\/default\/files\/img_3257_1.jpg\">Download Original<\/a><\/p>]\"><img src=\"https:\/\/mesonainsa.com\/sites\/default\/files\/styles\/img_lit_hab_serv\/public\/img_3257_1.jpg?itok=JlSvB_hd\" alt=\"\" width=\"172\" height=\"130\" \/><\/a><a class=\"lightbox-processed\" title=\"\" href=\"https:\/\/mesonainsa.com\/sites\/default\/files\/styles\/large\/public\/img_3256.jpg?itok=tBhkyLNS\" rel=\"lightshow[field_imgs_hs][<p><a href=\"https:\/\/mesonainsa.com\/sites\/default\/files\/img_3256.jpg\">Download Original<\/a><\/p>]\"><img src=\"https:\/\/mesonainsa.com\/sites\/default\/files\/styles\/img_lit_hab_serv\/public\/img_3256.jpg?itok=m5GEsuEW\" alt=\"\" width=\"172\" height=\"130\" \/><\/a><a class=\"lightbox-processed\" title=\"\" href=\"https:\/\/mesonainsa.com\/sites\/default\/files\/styles\/large\/public\/p5070026_5.jpg?itok=0RP15GST\" rel=\"lightshow[field_imgs_hs][<p><a href=\"https:\/\/mesonainsa.com\/sites\/default\/files\/p5070026_5.jpg\">Download Original<\/a><\/p>]\"><img src=\"https:\/\/mesonainsa.com\/sites\/default\/files\/styles\/img_lit_hab_serv\/public\/p5070026_5.jpg?itok=NOorbMkO\" alt=\"\" width=\"172\" height=\"130\" \/><\/a><a class=\"lightbox-processed\" title=\"\" href=\"https:\/\/mesonainsa.com\/sites\/default\/files\/styles\/large\/public\/zg4e7561_1_0.jpg?itok=QwFB5SoP\" rel=\"lightshow[field_imgs_hs][<p><a href=\"https:\/\/mesonainsa.com\/sites\/default\/files\/zg4e7561_1_0.jpg\">Download Original<\/a><\/p>]\"><img src=\"https:\/\/mesonainsa.com\/sites\/default\/files\/styles\/img_lit_hab_serv\/public\/zg4e7561_1_0.jpg?itok=rSIh0-t7\" alt=\"\" width=\"172\" height=\"130\" \/><\/a>","_et_gb_content_width":"","footnotes":""},"categories":[18],"tags":[24,87,99,100,84,101,86,77,23,47,79,80,81,106,82,85,107,78,51,109,83],"class_list":["post-1024","post","type-post","status-publish","format-standard","hentry","category-habitaciones-fr","tag-ainsa","tag-bike-hotel","tag-bike-hotel-fr","tag-btt-fr","tag-btt","tag-enduro-fr","tag-enduro","tag-habitacion-familiar","tag-hotel","tag-hotel-ainsa","tag-hotel-pirineo","tag-hotel-pirineos","tag-hotel-sobrarbe","tag-hotel-zonazero-fr","tag-hotel-zonazero","tag-mtb","tag-mtb-fr","tag-oferta-familias","tag-terraza","tag-zonazero-fr","tag-zonazero"],"_links":{"self":[{"href":"https:\/\/mesonainsa.com\/fr\/wp-json\/wp\/v2\/posts\/1024","targetHints":{"allow":["GET"]}}],"collection":[{"href":"https:\/\/mesonainsa.com\/fr\/wp-json\/wp\/v2\/posts"}],"about":[{"href":"https:\/\/mesonainsa.com\/fr\/wp-json\/wp\/v2\/types\/post"}],"author":[{"embeddable":true,"href":"https:\/\/mesonainsa.com\/fr\/wp-json\/wp\/v2\/users\/1"}],"replies":[{"embeddable":true,"href":"https:\/\/mesonainsa.com\/fr\/wp-json\/wp\/v2\/comments?post=1024"}],"version-history":[{"count":10,"href":"https:\/\/mesonainsa.com\/fr\/wp-json\/wp\/v2\/posts\/1024\/revisions"}],"predecessor-version":[{"id":1817,"href":"https:\/\/mesonainsa.com\/fr\/wp-json\/wp\/v2\/posts\/1024\/revisions\/1817"}],"wp:attachment":[{"href":"https:\/\/mesonainsa.com\/fr\/wp-json\/wp\/v2\/media?parent=1024"}],"wp:term":[{"taxonomy":"category","embeddable":true,"href":"https:\/\/mesonainsa.com\/fr\/wp-json\/wp\/v2\/categories?post=1024"},{"taxonomy":"post_tag","embeddable":true,"href":"https:\/\/mesonainsa.com\/fr\/wp-json\/wp\/v2\/tags?post=1024"}],"curies":[{"name":"wp","href":"https:\/\/api.w.org\/{rel}","templated":true}]}}