{"id":1026,"date":"2017-12-15T16:59:20","date_gmt":"2017-12-15T16:59:20","guid":{"rendered":"https:\/\/mesonainsa.com\/habitacion-doble-economica\/"},"modified":"2018-02-05T10:29:54","modified_gmt":"2018-02-05T10:29:54","slug":"chambres-economiques","status":"publish","type":"post","link":"https:\/\/mesonainsa.com\/fr\/chambres-economiques\/","title":{"rendered":"Chambres \u00e9conomiques"},"content":{"rendered":"<p>[et_pb_section bb_built=\u00a0\u00bb1&Prime; admin_label=\u00a0\u00bbsection\u00a0\u00bb _builder_version=\u00a0\u00bb3.0.47&Prime;][et_pb_row admin_label=\u00a0\u00bbrow\u00a0\u00bb _builder_version=\u00a0\u00bb3.0.47&Prime; background_size=\u00a0\u00bbinitial\u00a0\u00bb background_position=\u00a0\u00bbtop_left\u00a0\u00bb background_repeat=\u00a0\u00bbrepeat\u00a0\u00bb][et_pb_column type=\u00a0\u00bb4_4&Prime;][et_pb_text admin_label=\u00a0\u00bbText\u00a0\u00bb _builder_version=\u00a0\u00bb3.0.98&Prime; background_size=\u00a0\u00bbinitial\u00a0\u00bb background_position=\u00a0\u00bbtop_left\u00a0\u00bb background_repeat=\u00a0\u00bbrepeat\u00a0\u00bb]<\/p>\n<p><img loading=\"lazy\" decoding=\"async\" src=\"..\/..\/wp-content\/uploads\/2018\/01\/Habitaci\u00f3n-Econ\u00f3mica-1024x640.jpg\" width=\"1024\" height=\"640\" alt=\"\" class=\"wp-image-1305 alignnone size-large\" scale=\"0\" \/><\/p>\n<h4 style=\"text-align: justify;\"><\/h4>\n<h4 style=\"text-align: justify;\">Ce type de chambre c\u00b4est un peu plus petite que les chambres standard, poss\u00e8de une fen\u00eatre offrant une vue sur les montagnes. Elles sont dot\u00e9es d&rsquo;une t\u00e9l\u00e9vision \u00e0 \u00e9cran plat, du chauffage central, climatisation et d&rsquo;une salle de bains privative. Un parking gratuit est inclus dans le tarif de la chambre. Certaines chambres \u00e9conomiques sont \u00e9galement \u00e9quip\u00e9es d&rsquo;un r\u00e9frig\u00e9rateur, d&rsquo;un coffre-fort ou d&rsquo;un s\u00e8che-cheveux.<\/h4>\n<p>[\/et_pb_text][et_pb_gallery gallery_ids=\u00a0\u00bb1561,1559,1276,1275,560,543&Prime; gallery_captions=\u00a0\u00bb,,,,,\u00a0\u00bb posts_number=\u00a0\u00bb6&Prime; show_title_and_caption=\u00a0\u00bboff\u00a0\u00bb show_pagination=\u00a0\u00bboff\u00a0\u00bb _builder_version=\u00a0\u00bb3.0.98&Prime; custom_css_gallery_item=\u00a0\u00bbmargin: 0 !important;||width: 50% !important;||clear: none !important;||padding: 3px\u00a0\u00bb \/][\/et_pb_column][\/et_pb_row][\/et_pb_section]<\/p>\n","protected":false},"excerpt":{"rendered":"<p>Ce type de chambre c\u00b4est un peu plus petite que les chambres standard, poss\u00e8de une fen\u00eatre offrant une vue sur les montagnes. Elles sont dot\u00e9es d&rsquo;une t\u00e9l\u00e9vision \u00e0 \u00e9cran plat, du chauffage central, climatisation et d&rsquo;une salle de bains privative. Un parking gratuit est inclus dans le tarif de la chambre. Certaines chambres \u00e9conomiques sont [&hellip;]<\/p>\n","protected":false},"author":1,"featured_media":0,"comment_status":"open","ping_status":"open","sticky":false,"template":"","format":"standard","meta":{"_et_pb_use_builder":"on","_et_pb_old_content":"<div class=\"field field-name-field-img-pri-hs field-type-image field-label-hidden\">\r\n<div class=\"field-items\">\r\n<div class=\"field-item even\"><a class=\"lightbox-processed\" title=\"\" href=\"https:\/\/mesonainsa.com\/sites\/default\/files\/styles\/large\/public\/habitacion_economica_5.jpg?itok=pxmqgkmF\" rel=\"lightbox[field_img_pri_hs][<p><a href=\"https:\/\/mesonainsa.com\/sites\/default\/files\/habitacion_economica_5.jpg\">Download Original<\/a><\/p>]\"><img src=\"https:\/\/mesonainsa.com\/sites\/default\/files\/styles\/img_pri_hab_serv_cabecera\/public\/habitacion_economica_5.jpg?itok=ZVbc2tE1\" alt=\"\" width=\"712\" height=\"230\" \/><\/a><\/div>\r\n<\/div>\r\n<\/div>\r\n<div class=\"field field-name-body field-type-text-with-summary field-label-hidden\">\r\n<div class=\"field-items\">\r\n<div class=\"field-item even\">\r\n\r\nDisponemos de habitaciones dobles econ\u00f3micas, la diferencia m\u00e1s importante con la doble con terraza es, adem\u00e1s de un precio menor, el tama\u00f1o, ya que son algo m\u00e1s peque\u00f1as que el resto de nuestras habitaciones y el hecho de disponer de ventana exterior en lugar de terraza (todas las dem\u00e1s habitaciones de nuestro hotel tienen terraza individual.) Otras diferencias son que la televisi\u00f3n aun siendo tambi\u00e9n de pantalla plana no dispone de pantalla con alta definici\u00f3n; en cualquier caso estamos hablando de habitaciones acogedoras y bien equipadas que cumplen a todas luces con su cometido, ofrecer al cliente un buen lugar de descanso a un precio menor. Algunas de nuestras habitaciones econ\u00f3micas son abuhardilladas.\r\n\r\nTodas nuestras habitaciones econ\u00f3micas est\u00e1n provistas de ba\u00f1o privado (incluyendo champ\u00fa y gel, algunas tienen tambi\u00e9n secador de pelo y si no disponen de \u00e9l pueden pedir uno en recepci\u00f3n) TV pantalla plana 20\" - 22\", ventana exterior, wifi gratuito, aire acondicionado, calefacci\u00f3n...\r\n\r\n<\/div>\r\n<\/div>\r\n<\/div>\r\n<a class=\"lightbox-processed\" title=\"\" href=\"https:\/\/mesonainsa.com\/sites\/default\/files\/styles\/large\/public\/habitacion_economica_9.jpg?itok=3obyTE25\" rel=\"lightshow[field_imgs_hs][<p><a href=\"https:\/\/mesonainsa.com\/sites\/default\/files\/habitacion_economica_9.jpg\">Download Original<\/a><\/p>]\"><img src=\"https:\/\/mesonainsa.com\/sites\/default\/files\/styles\/img_lit_hab_serv\/public\/habitacion_economica_9.jpg?itok=z-YTSVDm\" alt=\"\" width=\"172\" height=\"130\" \/><\/a><a class=\"lightbox-processed\" title=\"\" href=\"https:\/\/mesonainsa.com\/sites\/default\/files\/styles\/large\/public\/habitacion_economica_3.jpg?itok=qpx1zvBs\" rel=\"lightshow[field_imgs_hs][<p><a href=\"https:\/\/mesonainsa.com\/sites\/default\/files\/habitacion_economica_3.jpg\">Download Original<\/a><\/p>]\"><img src=\"https:\/\/mesonainsa.com\/sites\/default\/files\/styles\/img_lit_hab_serv\/public\/habitacion_economica_3.jpg?itok=otjlO7JN\" alt=\"\" width=\"172\" height=\"130\" \/><\/a><a class=\"lightbox-processed\" title=\"\" href=\"https:\/\/mesonainsa.com\/sites\/default\/files\/styles\/large\/public\/img_1223.jpg?itok=YpfoErnI\" rel=\"lightshow[field_imgs_hs][<p><a href=\"https:\/\/mesonainsa.com\/sites\/default\/files\/img_1223.jpg\">Download Original<\/a><\/p>]\"><img src=\"https:\/\/mesonainsa.com\/sites\/default\/files\/styles\/img_lit_hab_serv\/public\/img_1223.jpg?itok=6ROM6SDJ\" alt=\"\" width=\"172\" height=\"130\" \/><\/a><a class=\"lightbox-processed\" title=\"\" href=\"https:\/\/mesonainsa.com\/sites\/default\/files\/styles\/large\/public\/habitacion_economica_2.jpg?itok=vdjr1clY\" rel=\"lightshow[field_imgs_hs][<p><a href=\"https:\/\/mesonainsa.com\/sites\/default\/files\/habitacion_economica_2.jpg\">Download Original<\/a><\/p>]\"><img src=\"https:\/\/mesonainsa.com\/sites\/default\/files\/styles\/img_lit_hab_serv\/public\/habitacion_economica_2.jpg?itok=QgsebrO4\" alt=\"\" width=\"172\" height=\"130\" \/><\/a><a class=\"lightbox-processed\" title=\"\" href=\"https:\/\/mesonainsa.com\/sites\/default\/files\/styles\/large\/public\/img_3220.jpg?itok=666ZKYPx\" rel=\"lightshow[field_imgs_hs][<p><a href=\"https:\/\/mesonainsa.com\/sites\/default\/files\/img_3220.jpg\">Download Original<\/a><\/p>]\"><img src=\"https:\/\/mesonainsa.com\/sites\/default\/files\/styles\/img_lit_hab_serv\/public\/img_3220.jpg?itok=Xp_buXaq\" alt=\"\" width=\"172\" height=\"130\" \/><\/a><a class=\"lightbox-processed\" title=\"\" href=\"https:\/\/mesonainsa.com\/sites\/default\/files\/styles\/large\/public\/img_3232.jpg?itok=fJT0Ejje\" rel=\"lightshow[field_imgs_hs][<p><a href=\"https:\/\/mesonainsa.com\/sites\/default\/files\/img_3232.jpg\">Download Original<\/a><\/p>]\"><img src=\"https:\/\/mesonainsa.com\/sites\/default\/files\/styles\/img_lit_hab_serv\/public\/img_3232.jpg?itok=5Z8iGF4N\" alt=\"\" width=\"172\" height=\"130\" \/><\/a><a class=\"lightbox-processed\" title=\"\" href=\"https:\/\/mesonainsa.com\/sites\/default\/files\/styles\/large\/public\/img_3217.jpg?itok=G90EESDa\" rel=\"lightshow[field_imgs_hs][<p><a href=\"https:\/\/mesonainsa.com\/sites\/default\/files\/img_3217.jpg\">Download Original<\/a><\/p>]\"><img src=\"https:\/\/mesonainsa.com\/sites\/default\/files\/styles\/img_lit_hab_serv\/public\/img_3217.jpg?itok=ryOvxg6W\" alt=\"\" width=\"172\" height=\"130\" \/><\/a><a class=\"lightbox-processed\" title=\"\" href=\"https:\/\/mesonainsa.com\/sites\/default\/files\/styles\/large\/public\/img_3243.jpg?itok=9zA-Ronn\" rel=\"lightshow[field_imgs_hs][<p><a href=\"https:\/\/mesonainsa.com\/sites\/default\/files\/img_3243.jpg\">Download Original<\/a><\/p>]\"><img src=\"https:\/\/mesonainsa.com\/sites\/default\/files\/styles\/img_lit_hab_serv\/public\/img_3243.jpg?itok=yfMQ8ULp\" alt=\"\" width=\"172\" height=\"130\" \/><\/a>","_et_gb_content_width":"","footnotes":""},"categories":[18],"tags":[35,120,36,121,37,58,122,123,103,106,124,109],"class_list":["post-1026","post","type-post","status-publish","format-standard","hentry","category-habitaciones-fr","tag-ainsa-fr","tag-btt-enduro-fr","tag-habitacion-doble-fr","tag-habitacion-economica-fr","tag-hotel-fr","tag-hotel-ainsa-fr","tag-hotel-btt-fr","tag-hotel-economico-fr","tag-hotel-pirineo-fr","tag-hotel-zonazero-fr","tag-zona-zero-fr","tag-zonazero-fr"],"_links":{"self":[{"href":"https:\/\/mesonainsa.com\/fr\/wp-json\/wp\/v2\/posts\/1026","targetHints":{"allow":["GET"]}}],"collection":[{"href":"https:\/\/mesonainsa.com\/fr\/wp-json\/wp\/v2\/posts"}],"about":[{"href":"https:\/\/mesonainsa.com\/fr\/wp-json\/wp\/v2\/types\/post"}],"author":[{"embeddable":true,"href":"https:\/\/mesonainsa.com\/fr\/wp-json\/wp\/v2\/users\/1"}],"replies":[{"embeddable":true,"href":"https:\/\/mesonainsa.com\/fr\/wp-json\/wp\/v2\/comments?post=1026"}],"version-history":[{"count":17,"href":"https:\/\/mesonainsa.com\/fr\/wp-json\/wp\/v2\/posts\/1026\/revisions"}],"predecessor-version":[{"id":1815,"href":"https:\/\/mesonainsa.com\/fr\/wp-json\/wp\/v2\/posts\/1026\/revisions\/1815"}],"wp:attachment":[{"href":"https:\/\/mesonainsa.com\/fr\/wp-json\/wp\/v2\/media?parent=1026"}],"wp:term":[{"taxonomy":"category","embeddable":true,"href":"https:\/\/mesonainsa.com\/fr\/wp-json\/wp\/v2\/categories?post=1026"},{"taxonomy":"post_tag","embeddable":true,"href":"https:\/\/mesonainsa.com\/fr\/wp-json\/wp\/v2\/tags?post=1026"}],"curies":[{"name":"wp","href":"https:\/\/api.w.org\/{rel}","templated":true}]}}