{"id":217,"date":"2017-12-15T16:15:43","date_gmt":"2017-12-15T16:15:43","guid":{"rendered":"https:\/\/mesonainsa.com\/web\/2017\/12\/15\/informacion-turistica\/"},"modified":"2018-02-05T15:41:21","modified_gmt":"2018-02-05T15:41:21","slug":"renseignements-touristiques","status":"publish","type":"post","link":"https:\/\/mesonainsa.com\/fr\/renseignements-touristiques\/","title":{"rendered":"Renseignements Touristiques"},"content":{"rendered":"<p>[et_pb_section fb_built=\u00a0\u00bb1&Prime; admin_label=\u00a0\u00bbsection\u00a0\u00bb _builder_version=\u00a0\u00bb3.0.47&Prime;][et_pb_row admin_label=\u00a0\u00bbrow\u00a0\u00bb _builder_version=\u00a0\u00bb3.0.47&Prime; background_size=\u00a0\u00bbinitial\u00a0\u00bb background_position=\u00a0\u00bbtop_left\u00a0\u00bb background_repeat=\u00a0\u00bbrepeat\u00a0\u00bb][et_pb_column type=\u00a0\u00bb4_4&Prime; _builder_version=\u00a0\u00bb3.0.47&Prime; parallax=\u00a0\u00bboff\u00a0\u00bb parallax_method=\u00a0\u00bbon\u00a0\u00bb][et_pb_text admin_label=\u00a0\u00bbText\u00a0\u00bb _builder_version=\u00a0\u00bb3.0.100&Prime; background_size=\u00a0\u00bbinitial\u00a0\u00bb background_position=\u00a0\u00bbtop_left\u00a0\u00bb background_repeat=\u00a0\u00bbrepeat\u00a0\u00bb]<\/p>\n<p><img loading=\"lazy\" decoding=\"async\" src=\"..\/..\/wp-content\/uploads\/2018\/01\/Panor\u00e1mica-del-Vignemale-Oto\u00f1o-2013-1024x576.jpg\" width=\"1024\" height=\"576\" alt=\"\" class=\"wp-image-1665 alignnone size-large\" scale=\"0\" \/><\/p>\n<div class=\"field field-name-body field-type-text-with-summary field-label-hidden\">\n<div class=\"field-items\">\n<div class=\"field-item even\">\n<h4 style=\"text-align: justify;\"><\/h4>\n<h4 style=\"text-align: justify;\"><\/h4>\n<h4 style=\"text-align: justify;\"><\/h4>\n<h4 style=\"text-align: justify;\">En r\u00e9ception, vous pourrez obtenir des renseignements touristiques sur les randonn\u00e9es et itin\u00e9raires du coin, que nous compl\u00e8terons en vous remettant, \u00e0 votre arriv\u00e9e, une brochure exclusive de tous les Parcs Nationaux et Naturels et de tous les autres lieux d\u00b4int\u00e9r\u00eat de notre r\u00e9gion, avec des plans d\u00e9taill\u00e9es des randonn\u00e9es possibles.<\/h4>\n<p><img loading=\"lazy\" decoding=\"async\" src=\"..\/wp-content\/uploads\/2018\/01\/Balc\u00f3n-y-Valle-de-Pineta-Oto\u00f1o-2015-1024x471.jpg\" width=\"390\" height=\"240\" alt=\"\" class=\"wp-image-954 alignnone size-large\" scale=\"0\" \/> <img loading=\"lazy\" decoding=\"async\" src=\"..\/wp-content\/uploads\/2018\/01\/Lagos-de-La-Munia-y-Collado-de-Las-Puertas-Verano-2012-1024x768.jpg\" width=\"390\" height=\"240\" alt=\"\" class=\"wp-image-953 alignnone size-large\" scale=\"0\" \/> \u00a0\u00a0<img loading=\"lazy\" decoding=\"async\" src=\"..\/wp-content\/uploads\/2018\/01\/valle_de_pineta.preview-1024x640.jpg\" width=\"390\" height=\"240\" alt=\"\" class=\"wp-image-616 alignnone size-large\" scale=\"0\" \/> <img loading=\"lazy\" decoding=\"async\" src=\"..\/wp-content\/uploads\/2018\/01\/samitier1-1024x640.jpg\" width=\"390\" height=\"240\" alt=\"\" class=\"wp-image-612 size-large\" scale=\"0\" \/>\u00a0 <img loading=\"lazy\" decoding=\"async\" src=\"..\/wp-content\/uploads\/2018\/01\/Gradas-de-Soaso-Oto\u00f1o-2014-1024x536.jpg\" width=\"390\" height=\"240\" alt=\"\" class=\"wp-image-805 alignnone size-large\" scale=\"0\" \/> <img loading=\"lazy\" decoding=\"async\" src=\"..\/wp-content\/uploads\/2018\/01\/2015-Casco-Antiguo-Ainsa-1024x576.jpg\" width=\"390\" height=\"240\" alt=\"\" class=\"wp-image-804 alignnone size-large\" scale=\"0\" \/> <img loading=\"lazy\" decoding=\"async\" src=\"..\/wp-content\/uploads\/2018\/01\/ainsa_-_plaza_porticada_iluminada-1024x640.jpg\" width=\"390\" height=\"240\" alt=\"\" class=\"wp-image-678 alignnone size-large\" scale=\"0\" \/> <img loading=\"lazy\" decoding=\"async\" src=\"..\/wp-content\/uploads\/2018\/01\/basa_la_mora_2011_27.preview-1-1024x640.jpg\" width=\"390\" height=\"240\" alt=\"\" class=\"wp-image-529 alignnone size-large\" scale=\"0\" \/> <img loading=\"lazy\" decoding=\"async\" src=\"..\/wp-content\/uploads\/2018\/01\/balcon_pineta_-_cascada_cinca_-_la_larri_18_0-1-1024x640.jpg\" width=\"390\" height=\"240\" alt=\"\" class=\"wp-image-527 alignnone size-large\" scale=\"0\" \/> <img loading=\"lazy\" decoding=\"async\" src=\"..\/wp-content\/uploads\/2018\/01\/ardilla_en_lines.preview-1-1024x640.jpg\" width=\"390\" height=\"240\" alt=\"\" class=\"wp-image-526 alignnone size-large\" scale=\"0\" \/> <img loading=\"lazy\" decoding=\"async\" src=\"..\/wp-content\/uploads\/2018\/01\/cascada_cola_de_caballo_-_ordesa-1-1024x640.jpg\" width=\"390\" height=\"240\" alt=\"\" class=\"wp-image-534 alignnone size-large\" scale=\"0\" \/> <img loading=\"lazy\" decoding=\"async\" src=\"..\/..\/wp-content\/uploads\/2018\/01\/broto_pista_la_cana_torla_19-1024x640.jpg\" width=\"390\" height=\"240\" alt=\"\" class=\"wp-image-465 alignnone size-large\" scale=\"0\" \/><\/p>\n<\/div>\n<\/div>\n<\/div>\n<p>[\/et_pb_text][\/et_pb_column][\/et_pb_row][\/et_pb_section]<\/p>\n","protected":false},"excerpt":{"rendered":"<p>En r\u00e9ception, vous pourrez obtenir des renseignements touristiques sur les randonn\u00e9es et itin\u00e9raires du coin, que nous compl\u00e8terons en vous remettant, \u00e0 votre arriv\u00e9e, une brochure exclusive de tous les Parcs Nationaux et Naturels et de tous les autres lieux d\u00b4int\u00e9r\u00eat de notre r\u00e9gion, avec des plans d\u00e9taill\u00e9es des randonn\u00e9es possibles. \u00a0\u00a0 \u00a0<\/p>\n","protected":false},"author":1,"featured_media":0,"comment_status":"open","ping_status":"open","sticky":false,"template":"","format":"standard","meta":{"_et_pb_use_builder":"on","_et_pb_old_content":"<a class=\"lightbox-processed\" title=\"\" href=\"https:\/\/mesonainsa.com\/sites\/default\/files\/styles\/large\/public\/img_pri_servicios\/cascada_del_alambique_23.jpg?itok=q5SHQRY3\" rel=\"lightbox[field_imagen_principal_servicios][&lt;p&gt;&lt;a href=&quot;https:\/\/mesonainsa.com\/sites\/default\/files\/img_pri_servicios\/cascada_del_alambique_23.jpg&quot;&gt;Download Original&lt;\/a&gt;&lt;\/p&gt;]\"><img src=\"https:\/\/mesonainsa.com\/sites\/default\/files\/styles\/img_pri_hab_serv_cabecera\/public\/img_pri_servicios\/cascada_del_alambique_23.jpg?itok=yMP3Irk0\" alt=\"\" width=\"712\" height=\"230\" \/><\/a>\r\n<div class=\"field field-name-body field-type-text-with-summary field-label-hidden\">\r\n<div class=\"field-items\">\r\n<div class=\"field-item even\">\r\n\r\nCreemos que nuestros clientes desean informaci\u00f3n tur\u00edstica de primera mano, y cuando decimos de primera mano nos referimos a haber recorrido los lugares que les recomendaremos visitar; por ello no los enviamos directamente a la oficina de Turismo (donde por supuesto les atender\u00edan muy amablemente) si no que directamente les proporcionamos informaci\u00f3n completa de cualquier excursi\u00f3n que quieran realizar dentro (o fuera) de cualquiera de los espacios protegidos que nos rodean: Parque Nacional de Ordesa y Monte Perdido, Parque Natural de la Sierra y los Ca\u00f1ones de Guara y Posets Maladeta, tambi\u00e9n podemos tratar de informarles sobre la ascensi\u00f3n a algunos de los muchos tresmiles de nuestro entorno y proporcionarles tracks de las rutas cl\u00e1sicas, y por supuesto somos parte integrante del proyecto BTT Zona Zero, pero para hablar de \u00e9l tenemos un espacio independiente.\r\n\r\nAl recoger la llave de su habitaci\u00f3n le entregaremos un folleto exclusivo con planos e indicaciones sobre las excursiones m\u00e1s populares que pueden realizar, les informaremos de c\u00f3mo llegar sus ventajas e inconvenientes, pero si prefieren visitar a alg\u00fan lugar rec\u00f3ndito y especial como el de la foto, tambi\u00e9n podemos explicarle como llegar. En este caso se trata de la cascada del Alambique, un lugar muy especial del que algunos habitantes de nuestra comarca ni siquiera han o\u00eddo hablar, aunque seguro que muchos otros lo conocen pues generalmente las gentes del Sobrarbe adoramos nuestra tierra.\r\n\r\n<\/div>\r\n<\/div>\r\n<\/div>\r\n<a class=\"lightbox-processed\" title=\"\" href=\"https:\/\/mesonainsa.com\/sites\/default\/files\/styles\/large\/public\/imgs_servicios\/bordas_de_viados_octubre_de_2011.jpg?itok=ovbr_l3Q\" rel=\"lightshow[field_imagenes_servicios][&lt;p&gt;&lt;a href=&quot;https:\/\/mesonainsa.com\/sites\/default\/files\/imgs_servicios\/bordas_de_viados_octubre_de_2011.jpg&quot;&gt;Download Original&lt;\/a&gt;&lt;\/p&gt;]\"><img src=\"https:\/\/mesonainsa.com\/sites\/default\/files\/styles\/img_lit_hab_serv\/public\/imgs_servicios\/bordas_de_viados_octubre_de_2011.jpg?itok=qV84XyGy\" alt=\"\" width=\"172\" height=\"130\" \/><\/a><a class=\"lightbox-processed\" title=\"\" href=\"https:\/\/mesonainsa.com\/sites\/default\/files\/styles\/large\/public\/imgs_servicios\/canon_de_anisclo_otono_2012.jpg?itok=A2RC3Ov5\" rel=\"lightshow[field_imagenes_servicios][&lt;p&gt;&lt;a href=&quot;https:\/\/mesonainsa.com\/sites\/default\/files\/imgs_servicios\/canon_de_anisclo_otono_2012.jpg&quot;&gt;Download Original&lt;\/a&gt;&lt;\/p&gt;]\"><img src=\"https:\/\/mesonainsa.com\/sites\/default\/files\/styles\/img_lit_hab_serv\/public\/imgs_servicios\/canon_de_anisclo_otono_2012.jpg?itok=s4awRsVf\" alt=\"\" width=\"172\" height=\"130\" \/><\/a><a class=\"lightbox-processed\" title=\"\" href=\"https:\/\/mesonainsa.com\/sites\/default\/files\/styles\/large\/public\/imgs_servicios\/entorno_de_santa_maria_de_buil_junio_de_2009.jpg?itok=ap1fQRqg\" rel=\"lightshow[field_imagenes_servicios][&lt;p&gt;&lt;a href=&quot;https:\/\/mesonainsa.com\/sites\/default\/files\/imgs_servicios\/entorno_de_santa_maria_de_buil_junio_de_2009.jpg&quot;&gt;Download Original&lt;\/a&gt;&lt;\/p&gt;]\"><img src=\"https:\/\/mesonainsa.com\/sites\/default\/files\/styles\/img_lit_hab_serv\/public\/imgs_servicios\/entorno_de_santa_maria_de_buil_junio_de_2009.jpg?itok=UQYQOnfs\" alt=\"\" width=\"172\" height=\"130\" \/><\/a><a class=\"lightbox-processed\" title=\"\" href=\"https:\/\/mesonainsa.com\/sites\/default\/files\/styles\/large\/public\/imgs_servicios\/espierlo_mayo_de_2010.jpg?itok=5ziv_aqD\" rel=\"lightshow[field_imagenes_servicios][&lt;p&gt;&lt;a href=&quot;https:\/\/mesonainsa.com\/sites\/default\/files\/imgs_servicios\/espierlo_mayo_de_2010.jpg&quot;&gt;Download Original&lt;\/a&gt;&lt;\/p&gt;]\"><img src=\"https:\/\/mesonainsa.com\/sites\/default\/files\/styles\/img_lit_hab_serv\/public\/imgs_servicios\/espierlo_mayo_de_2010.jpg?itok=A7TRk92L\" alt=\"\" width=\"172\" height=\"130\" \/><\/a><a class=\"lightbox-processed\" title=\"\" href=\"https:\/\/mesonainsa.com\/sites\/default\/files\/styles\/large\/public\/imgs_servicios\/ibon_de_basa_la_mora_verano_2012.jpg?itok=YDT2mNvK\" rel=\"lightshow[field_imagenes_servicios][&lt;p&gt;&lt;a href=&quot;https:\/\/mesonainsa.com\/sites\/default\/files\/imgs_servicios\/ibon_de_basa_la_mora_verano_2012.jpg&quot;&gt;Download Original&lt;\/a&gt;&lt;\/p&gt;]\"><img src=\"https:\/\/mesonainsa.com\/sites\/default\/files\/styles\/img_lit_hab_serv\/public\/imgs_servicios\/ibon_de_basa_la_mora_verano_2012.jpg?itok=0s5gzmbN\" alt=\"\" width=\"172\" height=\"130\" \/><\/a><a class=\"lightbox-processed\" title=\"\" href=\"https:\/\/mesonainsa.com\/sites\/default\/files\/styles\/large\/public\/imgs_servicios\/lagos_de_la_munia_y_collado_de_las_puertas_verano_2012.jpg?itok=SvGPw-_b\" rel=\"lightshow[field_imagenes_servicios][&lt;p&gt;&lt;a href=&quot;https:\/\/mesonainsa.com\/sites\/default\/files\/imgs_servicios\/lagos_de_la_munia_y_collado_de_las_puertas_verano_2012.jpg&quot;&gt;Download Original&lt;\/a&gt;&lt;\/p&gt;]\"><img src=\"https:\/\/mesonainsa.com\/sites\/default\/files\/styles\/img_lit_hab_serv\/public\/imgs_servicios\/lagos_de_la_munia_y_collado_de_las_puertas_verano_2012.jpg?itok=aSsY1rCH\" alt=\"\" width=\"172\" height=\"130\" \/><\/a><a class=\"lightbox-processed\" title=\"\" href=\"https:\/\/mesonainsa.com\/sites\/default\/files\/styles\/large\/public\/imgs_servicios\/pantano_y_torre_de_mediano_primavera_2010.jpg?itok=AZ1oybB0\" rel=\"lightshow[field_imagenes_servicios][&lt;p&gt;&lt;a href=&quot;https:\/\/mesonainsa.com\/sites\/default\/files\/imgs_servicios\/pantano_y_torre_de_mediano_primavera_2010.jpg&quot;&gt;Download Original&lt;\/a&gt;&lt;\/p&gt;]\"><img src=\"https:\/\/mesonainsa.com\/sites\/default\/files\/styles\/img_lit_hab_serv\/public\/imgs_servicios\/pantano_y_torre_de_mediano_primavera_2010.jpg?itok=-pylsySJ\" alt=\"\" width=\"172\" height=\"130\" \/><\/a><a class=\"lightbox-processed\" title=\"\" href=\"https:\/\/mesonainsa.com\/sites\/default\/files\/styles\/large\/public\/imgs_servicios\/perdiguero_y_perdigueret_verano_2012.jpg?itok=0ad8rYht\" rel=\"lightshow[field_imagenes_servicios][&lt;p&gt;&lt;a href=&quot;https:\/\/mesonainsa.com\/sites\/default\/files\/imgs_servicios\/perdiguero_y_perdigueret_verano_2012.jpg&quot;&gt;Download Original&lt;\/a&gt;&lt;\/p&gt;]\"><img src=\"https:\/\/mesonainsa.com\/sites\/default\/files\/styles\/img_lit_hab_serv\/public\/imgs_servicios\/perdiguero_y_perdigueret_verano_2012.jpg?itok=JfN4iQYh\" alt=\"\" width=\"172\" height=\"130\" \/><\/a>","_et_gb_content_width":"","footnotes":""},"categories":[14],"tags":[24,172,47,168,79,80,170,169,81,171,167],"class_list":["post-217","post","type-post","status-publish","format-standard","hentry","category-servicios-fr","tag-ainsa","tag-enduro-mtb","tag-hotel-ainsa","tag-hotel-ordesa","tag-hotel-pirineo","tag-hotel-pirineos","tag-hotel-posets","tag-hotel-sierra-guara","tag-hotel-sobrarbe","tag-rutas-ordesa","tag-turismo-ainsa"],"_links":{"self":[{"href":"https:\/\/mesonainsa.com\/fr\/wp-json\/wp\/v2\/posts\/217","targetHints":{"allow":["GET"]}}],"collection":[{"href":"https:\/\/mesonainsa.com\/fr\/wp-json\/wp\/v2\/posts"}],"about":[{"href":"https:\/\/mesonainsa.com\/fr\/wp-json\/wp\/v2\/types\/post"}],"author":[{"embeddable":true,"href":"https:\/\/mesonainsa.com\/fr\/wp-json\/wp\/v2\/users\/1"}],"replies":[{"embeddable":true,"href":"https:\/\/mesonainsa.com\/fr\/wp-json\/wp\/v2\/comments?post=217"}],"version-history":[{"count":10,"href":"https:\/\/mesonainsa.com\/fr\/wp-json\/wp\/v2\/posts\/217\/revisions"}],"predecessor-version":[{"id":1880,"href":"https:\/\/mesonainsa.com\/fr\/wp-json\/wp\/v2\/posts\/217\/revisions\/1880"}],"wp:attachment":[{"href":"https:\/\/mesonainsa.com\/fr\/wp-json\/wp\/v2\/media?parent=217"}],"wp:term":[{"taxonomy":"category","embeddable":true,"href":"https:\/\/mesonainsa.com\/fr\/wp-json\/wp\/v2\/categories?post=217"},{"taxonomy":"post_tag","embeddable":true,"href":"https:\/\/mesonainsa.com\/fr\/wp-json\/wp\/v2\/tags?post=217"}],"curies":[{"name":"wp","href":"https:\/\/api.w.org\/{rel}","templated":true}]}}